{"id":23524,"date":"2026-04-29T09:56:29","date_gmt":"2026-04-29T12:56:29","guid":{"rendered":"https:\/\/potyguarnews.com.br\/?p=23524"},"modified":"2026-04-29T09:56:33","modified_gmt":"2026-04-29T12:56:33","slug":"brasil-reduz-em-42-perdas-florestais-em-2025-aponta-estudo","status":"publish","type":"post","link":"https:\/\/potyguarnews.com.br\/index.php\/2026\/04\/29\/brasil-reduz-em-42-perdas-florestais-em-2025-aponta-estudo\/","title":{"rendered":"Brasil reduz em 42% perdas florestais em 2025, aponta estudo"},"content":{"rendered":"\n<p><\/p>\n\n\n\n<p>O Brasil perdeu 1,6 milh\u00e3o de hectares de cobertura arb\u00f3rea em floresta tropical \u00famida em 2025, aponta balan\u00e7o do Global Forest Watch, divulgado nesta quarta-feira (29) pela organiza\u00e7\u00e3o ambiental sem fins lucrativos World Resources Institute (WRI).<\/p>\n\n\n\n<p>O n\u00famero representa uma redu\u00e7\u00e3o de 42% das perdas em rela\u00e7\u00e3o ao ano de 2024, sendo observado maior impacto nas derrubadas sem o uso do fogo. As perdas n\u00e3o relacionadas a inc\u00eandios resultam de desmatamento, corte raso e morte natural, entre outros fatores.<\/p>\n\n\n\n<p>\u201cO Brasil diminuiu as perdas n\u00e3o relacionadas a inc\u00eandios em 41%, comparadas a 2024, e atingiu o n\u00edvel mais baixo desde que come\u00e7ou a ser registrado [em 2001]\u201d, afirma a codiretora do Global Forest Watch Elizabeth Goldman.<\/p>\n\n\n\n<figure class=\"wp-block-image size-full\"><img data-recalc-dims=\"1\" loading=\"lazy\" decoding=\"async\" width=\"754\" height=\"451\" src=\"https:\/\/i0.wp.com\/potyguarnews.com.br\/wp-content\/uploads\/2026\/04\/image-9.png?resize=754%2C451&#038;ssl=1\" alt=\"\" class=\"wp-image-23526\" srcset=\"https:\/\/i0.wp.com\/potyguarnews.com.br\/wp-content\/uploads\/2026\/04\/image-9.png?w=754&amp;ssl=1 754w, https:\/\/i0.wp.com\/potyguarnews.com.br\/wp-content\/uploads\/2026\/04\/image-9.png?resize=300%2C179&amp;ssl=1 300w\" sizes=\"auto, (max-width: 754px) 100vw, 754px\" \/><\/figure>\n\n\n\n<p>Entre os estados que mais observaram diminui\u00e7\u00e3o das perdas est\u00e3o o Amazonas, Mato Grosso, Mato Grosso do Sul, Acre e Roraima, que juntos representam mais de 40% da redu\u00e7\u00e3o. O Maranh\u00e3o foi o \u00fanico estado em que foi registrado crescimento da perda da cobertura arb\u00f3rea.<\/p>\n\n\n\n<p>Os dados, produzidos anualmente pelo Laborat\u00f3rio de An\u00e1lise e Descoberta de Terras Globais (Glad), da Universidade de Maryland, s\u00e3o relativos \u00e0 vegeta\u00e7\u00e3o prim\u00e1ria, ou seja, \u00e1reas naturais maduras com vegeta\u00e7\u00e3o original.<\/p>\n\n\n\n<p>De acordo com os pesquisadores do WRI, o modelo adotado n\u00e3o mede apenas o desmatamento, como ocorre no sistema de monitoramento oficial brasileiro, o Projeto de Monitoramento do Desmatamento da Floresta Amaz\u00f4nica Brasileira por Sat\u00e9lite (Prodes). O sistema do Global Forest Watch tamb\u00e9m s\u00e3o considera outros dist\u00farbios como corte seletivo e mortes naturais.<\/p>\n\n\n\n<p><strong>Fonte: Agencia Brasil<\/strong><\/p>\n","protected":false},"excerpt":{"rendered":"<p>O Brasil perdeu 1,6 milh\u00e3o de hectares de cobertura arb\u00f3rea em floresta tropical \u00famida em 2025, aponta balan\u00e7o do Global<\/p>\n","protected":false},"author":1,"featured_media":23527,"comment_status":"closed","ping_status":"open","sticky":false,"template":"","format":"standard","meta":{"colormag_page_container_layout":"default_layout","colormag_page_sidebar_layout":"default_layout","_jetpack_memberships_contains_paid_content":false,"footnotes":"","jetpack_publicize_message":"","jetpack_publicize_feature_enabled":true,"jetpack_social_post_already_shared":true,"jetpack_social_options":{"image_generator_settings":{"template":"highway","default_image_id":0,"font":"","enabled":false},"version":2}},"categories":[4],"tags":[],"class_list":["post-23524","post","type-post","status-publish","format-standard","has-post-thumbnail","hentry","category-brasil"],"yoast_head":"<!-- This site is optimized with the Yoast SEO plugin v27.5 - https:\/\/yoast.com\/product\/yoast-seo-wordpress\/ -->\n<title>Brasil reduz em 42% perdas florestais em 2025, aponta estudo - Potyguar News<\/title>\n<meta name=\"robots\" content=\"index, follow, max-snippet:-1, max-image-preview:large, max-video-preview:-1\" \/>\n<link rel=\"canonical\" href=\"https:\/\/potyguarnews.com.br\/index.php\/2026\/04\/29\/brasil-reduz-em-42-perdas-florestais-em-2025-aponta-estudo\/\" \/>\n<meta property=\"og:locale\" content=\"pt_BR\" \/>\n<meta property=\"og:type\" content=\"article\" \/>\n<meta property=\"og:title\" content=\"Brasil reduz em 42% perdas florestais em 2025, aponta estudo - Potyguar News\" \/>\n<meta property=\"og:description\" content=\"O Brasil perdeu 1,6 milh\u00e3o de hectares de cobertura arb\u00f3rea em floresta tropical \u00famida em 2025, aponta balan\u00e7o do Global\" \/>\n<meta property=\"og:url\" content=\"https:\/\/potyguarnews.com.br\/index.php\/2026\/04\/29\/brasil-reduz-em-42-perdas-florestais-em-2025-aponta-estudo\/\" \/>\n<meta property=\"og:site_name\" content=\"Potyguar News\" \/>\n<meta property=\"article:publisher\" content=\"https:\/\/www.facebook.com\/potyguarnews\" \/>\n<meta property=\"article:published_time\" content=\"2026-04-29T12:56:29+00:00\" \/>\n<meta property=\"article:modified_time\" content=\"2026-04-29T12:56:33+00:00\" \/>\n<meta property=\"og:image\" content=\"https:\/\/potyguarnews.com.br\/wp-content\/uploads\/2026\/04\/floresta-1024x576.png\" \/>\n\t<meta property=\"og:image:width\" content=\"1024\" \/>\n\t<meta property=\"og:image:height\" content=\"576\" \/>\n\t<meta property=\"og:image:type\" content=\"image\/png\" \/>\n<meta name=\"author\" content=\"Potyguar News\" \/>\n<meta name=\"twitter:card\" content=\"summary_large_image\" \/>\n<meta name=\"twitter:creator\" content=\"@potyguar_news\" \/>\n<meta name=\"twitter:site\" content=\"@potyguar_news\" \/>\n<meta name=\"twitter:label1\" content=\"Escrito por\" \/>\n\t<meta name=\"twitter:data1\" content=\"Potyguar News\" \/>\n\t<meta name=\"twitter:label2\" content=\"Est. tempo de leitura\" \/>\n\t<meta name=\"twitter:data2\" content=\"2 minutos\" \/>\n<script type=\"application\/ld+json\" class=\"yoast-schema-graph\">{\"@context\":\"https:\\\/\\\/schema.org\",\"@graph\":[{\"@type\":\"Article\",\"@id\":\"https:\\\/\\\/potyguarnews.com.br\\\/index.php\\\/2026\\\/04\\\/29\\\/brasil-reduz-em-42-perdas-florestais-em-2025-aponta-estudo\\\/#article\",\"isPartOf\":{\"@id\":\"https:\\\/\\\/potyguarnews.com.br\\\/index.php\\\/2026\\\/04\\\/29\\\/brasil-reduz-em-42-perdas-florestais-em-2025-aponta-estudo\\\/\"},\"author\":{\"name\":\"Potyguar News\",\"@id\":\"https:\\\/\\\/potyguarnews.com.br\\\/#\\\/schema\\\/person\\\/e57f1576e3a1dc767f333244b8c6accc\"},\"headline\":\"Brasil reduz em 42% perdas florestais em 2025, aponta estudo\",\"datePublished\":\"2026-04-29T12:56:29+00:00\",\"dateModified\":\"2026-04-29T12:56:33+00:00\",\"mainEntityOfPage\":{\"@id\":\"https:\\\/\\\/potyguarnews.com.br\\\/index.php\\\/2026\\\/04\\\/29\\\/brasil-reduz-em-42-perdas-florestais-em-2025-aponta-estudo\\\/\"},\"wordCount\":276,\"publisher\":{\"@id\":\"https:\\\/\\\/potyguarnews.com.br\\\/#organization\"},\"image\":{\"@id\":\"https:\\\/\\\/potyguarnews.com.br\\\/index.php\\\/2026\\\/04\\\/29\\\/brasil-reduz-em-42-perdas-florestais-em-2025-aponta-estudo\\\/#primaryimage\"},\"thumbnailUrl\":\"https:\\\/\\\/i0.wp.com\\\/potyguarnews.com.br\\\/wp-content\\\/uploads\\\/2026\\\/04\\\/floresta.png?fit=1920%2C1080&ssl=1\",\"articleSection\":[\"Brasil\"],\"inLanguage\":\"pt-BR\"},{\"@type\":\"WebPage\",\"@id\":\"https:\\\/\\\/potyguarnews.com.br\\\/index.php\\\/2026\\\/04\\\/29\\\/brasil-reduz-em-42-perdas-florestais-em-2025-aponta-estudo\\\/\",\"url\":\"https:\\\/\\\/potyguarnews.com.br\\\/index.php\\\/2026\\\/04\\\/29\\\/brasil-reduz-em-42-perdas-florestais-em-2025-aponta-estudo\\\/\",\"name\":\"Brasil reduz em 42% perdas florestais em 2025, aponta estudo - Potyguar News\",\"isPartOf\":{\"@id\":\"https:\\\/\\\/potyguarnews.com.br\\\/#website\"},\"primaryImageOfPage\":{\"@id\":\"https:\\\/\\\/potyguarnews.com.br\\\/index.php\\\/2026\\\/04\\\/29\\\/brasil-reduz-em-42-perdas-florestais-em-2025-aponta-estudo\\\/#primaryimage\"},\"image\":{\"@id\":\"https:\\\/\\\/potyguarnews.com.br\\\/index.php\\\/2026\\\/04\\\/29\\\/brasil-reduz-em-42-perdas-florestais-em-2025-aponta-estudo\\\/#primaryimage\"},\"thumbnailUrl\":\"https:\\\/\\\/i0.wp.com\\\/potyguarnews.com.br\\\/wp-content\\\/uploads\\\/2026\\\/04\\\/floresta.png?fit=1920%2C1080&ssl=1\",\"datePublished\":\"2026-04-29T12:56:29+00:00\",\"dateModified\":\"2026-04-29T12:56:33+00:00\",\"breadcrumb\":{\"@id\":\"https:\\\/\\\/potyguarnews.com.br\\\/index.php\\\/2026\\\/04\\\/29\\\/brasil-reduz-em-42-perdas-florestais-em-2025-aponta-estudo\\\/#breadcrumb\"},\"inLanguage\":\"pt-BR\",\"potentialAction\":[{\"@type\":\"ReadAction\",\"target\":[\"https:\\\/\\\/potyguarnews.com.br\\\/index.php\\\/2026\\\/04\\\/29\\\/brasil-reduz-em-42-perdas-florestais-em-2025-aponta-estudo\\\/\"]}]},{\"@type\":\"ImageObject\",\"inLanguage\":\"pt-BR\",\"@id\":\"https:\\\/\\\/potyguarnews.com.br\\\/index.php\\\/2026\\\/04\\\/29\\\/brasil-reduz-em-42-perdas-florestais-em-2025-aponta-estudo\\\/#primaryimage\",\"url\":\"https:\\\/\\\/i0.wp.com\\\/potyguarnews.com.br\\\/wp-content\\\/uploads\\\/2026\\\/04\\\/floresta.png?fit=1920%2C1080&ssl=1\",\"contentUrl\":\"https:\\\/\\\/i0.wp.com\\\/potyguarnews.com.br\\\/wp-content\\\/uploads\\\/2026\\\/04\\\/floresta.png?fit=1920%2C1080&ssl=1\",\"width\":1920,\"height\":1080},{\"@type\":\"BreadcrumbList\",\"@id\":\"https:\\\/\\\/potyguarnews.com.br\\\/index.php\\\/2026\\\/04\\\/29\\\/brasil-reduz-em-42-perdas-florestais-em-2025-aponta-estudo\\\/#breadcrumb\",\"itemListElement\":[{\"@type\":\"ListItem\",\"position\":1,\"name\":\"In\u00edcio\",\"item\":\"https:\\\/\\\/potyguarnews.com.br\\\/\"},{\"@type\":\"ListItem\",\"position\":2,\"name\":\"Brasil reduz em 42% perdas florestais em 2025, aponta estudo\"}]},{\"@type\":\"WebSite\",\"@id\":\"https:\\\/\\\/potyguarnews.com.br\\\/#website\",\"url\":\"https:\\\/\\\/potyguarnews.com.br\\\/\",\"name\":\"Potyguar News\",\"description\":\"A Not\u00edcia em Tempo Real\",\"publisher\":{\"@id\":\"https:\\\/\\\/potyguarnews.com.br\\\/#organization\"},\"potentialAction\":[{\"@type\":\"SearchAction\",\"target\":{\"@type\":\"EntryPoint\",\"urlTemplate\":\"https:\\\/\\\/potyguarnews.com.br\\\/?s={search_term_string}\"},\"query-input\":{\"@type\":\"PropertyValueSpecification\",\"valueRequired\":true,\"valueName\":\"search_term_string\"}}],\"inLanguage\":\"pt-BR\"},{\"@type\":\"Organization\",\"@id\":\"https:\\\/\\\/potyguarnews.com.br\\\/#organization\",\"name\":\"Potyguar News\",\"url\":\"https:\\\/\\\/potyguarnews.com.br\\\/\",\"logo\":{\"@type\":\"ImageObject\",\"inLanguage\":\"pt-BR\",\"@id\":\"https:\\\/\\\/potyguarnews.com.br\\\/#\\\/schema\\\/logo\\\/image\\\/\",\"url\":\"http:\\\/\\\/potyguarnews.com.br\\\/wp-content\\\/uploads\\\/2022\\\/10\\\/LOGO.png\",\"contentUrl\":\"http:\\\/\\\/potyguarnews.com.br\\\/wp-content\\\/uploads\\\/2022\\\/10\\\/LOGO.png\",\"width\":1120,\"height\":300,\"caption\":\"Potyguar News\"},\"image\":{\"@id\":\"https:\\\/\\\/potyguarnews.com.br\\\/#\\\/schema\\\/logo\\\/image\\\/\"},\"sameAs\":[\"https:\\\/\\\/www.facebook.com\\\/potyguarnews\",\"https:\\\/\\\/x.com\\\/potyguar_news\"]},{\"@type\":\"Person\",\"@id\":\"https:\\\/\\\/potyguarnews.com.br\\\/#\\\/schema\\\/person\\\/e57f1576e3a1dc767f333244b8c6accc\",\"name\":\"Potyguar News\",\"image\":{\"@type\":\"ImageObject\",\"inLanguage\":\"pt-BR\",\"@id\":\"https:\\\/\\\/i0.wp.com\\\/potyguarnews.com.br\\\/wp-content\\\/uploads\\\/2024\\\/09\\\/0010.png?fit=96%2C96&#038;ssl=1\",\"url\":\"https:\\\/\\\/i0.wp.com\\\/potyguarnews.com.br\\\/wp-content\\\/uploads\\\/2024\\\/09\\\/0010.png?fit=96%2C96&#038;ssl=1\",\"contentUrl\":\"https:\\\/\\\/i0.wp.com\\\/potyguarnews.com.br\\\/wp-content\\\/uploads\\\/2024\\\/09\\\/0010.png?fit=96%2C96&#038;ssl=1\",\"caption\":\"Potyguar News\"},\"sameAs\":[\"http:\\\/\\\/potyguarnews.com.br\"],\"url\":\"https:\\\/\\\/potyguarnews.com.br\\\/index.php\\\/author\\\/potyguarnews\\\/\"}]}<\/script>\n<!-- \/ Yoast SEO plugin. -->","yoast_head_json":{"title":"Brasil reduz em 42% perdas florestais em 2025, aponta estudo - Potyguar News","robots":{"index":"index","follow":"follow","max-snippet":"max-snippet:-1","max-image-preview":"max-image-preview:large","max-video-preview":"max-video-preview:-1"},"canonical":"https:\/\/potyguarnews.com.br\/index.php\/2026\/04\/29\/brasil-reduz-em-42-perdas-florestais-em-2025-aponta-estudo\/","og_locale":"pt_BR","og_type":"article","og_title":"Brasil reduz em 42% perdas florestais em 2025, aponta estudo - Potyguar News","og_description":"O Brasil perdeu 1,6 milh\u00e3o de hectares de cobertura arb\u00f3rea em floresta tropical \u00famida em 2025, aponta balan\u00e7o do Global","og_url":"https:\/\/potyguarnews.com.br\/index.php\/2026\/04\/29\/brasil-reduz-em-42-perdas-florestais-em-2025-aponta-estudo\/","og_site_name":"Potyguar News","article_publisher":"https:\/\/www.facebook.com\/potyguarnews","article_published_time":"2026-04-29T12:56:29+00:00","article_modified_time":"2026-04-29T12:56:33+00:00","og_image":[{"width":1024,"height":576,"url":"https:\/\/potyguarnews.com.br\/wp-content\/uploads\/2026\/04\/floresta-1024x576.png","type":"image\/png"}],"author":"Potyguar News","twitter_card":"summary_large_image","twitter_creator":"@potyguar_news","twitter_site":"@potyguar_news","twitter_misc":{"Escrito por":"Potyguar News","Est. tempo de leitura":"2 minutos"},"schema":{"@context":"https:\/\/schema.org","@graph":[{"@type":"Article","@id":"https:\/\/potyguarnews.com.br\/index.php\/2026\/04\/29\/brasil-reduz-em-42-perdas-florestais-em-2025-aponta-estudo\/#article","isPartOf":{"@id":"https:\/\/potyguarnews.com.br\/index.php\/2026\/04\/29\/brasil-reduz-em-42-perdas-florestais-em-2025-aponta-estudo\/"},"author":{"name":"Potyguar News","@id":"https:\/\/potyguarnews.com.br\/#\/schema\/person\/e57f1576e3a1dc767f333244b8c6accc"},"headline":"Brasil reduz em 42% perdas florestais em 2025, aponta estudo","datePublished":"2026-04-29T12:56:29+00:00","dateModified":"2026-04-29T12:56:33+00:00","mainEntityOfPage":{"@id":"https:\/\/potyguarnews.com.br\/index.php\/2026\/04\/29\/brasil-reduz-em-42-perdas-florestais-em-2025-aponta-estudo\/"},"wordCount":276,"publisher":{"@id":"https:\/\/potyguarnews.com.br\/#organization"},"image":{"@id":"https:\/\/potyguarnews.com.br\/index.php\/2026\/04\/29\/brasil-reduz-em-42-perdas-florestais-em-2025-aponta-estudo\/#primaryimage"},"thumbnailUrl":"https:\/\/i0.wp.com\/potyguarnews.com.br\/wp-content\/uploads\/2026\/04\/floresta.png?fit=1920%2C1080&ssl=1","articleSection":["Brasil"],"inLanguage":"pt-BR"},{"@type":"WebPage","@id":"https:\/\/potyguarnews.com.br\/index.php\/2026\/04\/29\/brasil-reduz-em-42-perdas-florestais-em-2025-aponta-estudo\/","url":"https:\/\/potyguarnews.com.br\/index.php\/2026\/04\/29\/brasil-reduz-em-42-perdas-florestais-em-2025-aponta-estudo\/","name":"Brasil reduz em 42% perdas florestais em 2025, aponta estudo - Potyguar News","isPartOf":{"@id":"https:\/\/potyguarnews.com.br\/#website"},"primaryImageOfPage":{"@id":"https:\/\/potyguarnews.com.br\/index.php\/2026\/04\/29\/brasil-reduz-em-42-perdas-florestais-em-2025-aponta-estudo\/#primaryimage"},"image":{"@id":"https:\/\/potyguarnews.com.br\/index.php\/2026\/04\/29\/brasil-reduz-em-42-perdas-florestais-em-2025-aponta-estudo\/#primaryimage"},"thumbnailUrl":"https:\/\/i0.wp.com\/potyguarnews.com.br\/wp-content\/uploads\/2026\/04\/floresta.png?fit=1920%2C1080&ssl=1","datePublished":"2026-04-29T12:56:29+00:00","dateModified":"2026-04-29T12:56:33+00:00","breadcrumb":{"@id":"https:\/\/potyguarnews.com.br\/index.php\/2026\/04\/29\/brasil-reduz-em-42-perdas-florestais-em-2025-aponta-estudo\/#breadcrumb"},"inLanguage":"pt-BR","potentialAction":[{"@type":"ReadAction","target":["https:\/\/potyguarnews.com.br\/index.php\/2026\/04\/29\/brasil-reduz-em-42-perdas-florestais-em-2025-aponta-estudo\/"]}]},{"@type":"ImageObject","inLanguage":"pt-BR","@id":"https:\/\/potyguarnews.com.br\/index.php\/2026\/04\/29\/brasil-reduz-em-42-perdas-florestais-em-2025-aponta-estudo\/#primaryimage","url":"https:\/\/i0.wp.com\/potyguarnews.com.br\/wp-content\/uploads\/2026\/04\/floresta.png?fit=1920%2C1080&ssl=1","contentUrl":"https:\/\/i0.wp.com\/potyguarnews.com.br\/wp-content\/uploads\/2026\/04\/floresta.png?fit=1920%2C1080&ssl=1","width":1920,"height":1080},{"@type":"BreadcrumbList","@id":"https:\/\/potyguarnews.com.br\/index.php\/2026\/04\/29\/brasil-reduz-em-42-perdas-florestais-em-2025-aponta-estudo\/#breadcrumb","itemListElement":[{"@type":"ListItem","position":1,"name":"In\u00edcio","item":"https:\/\/potyguarnews.com.br\/"},{"@type":"ListItem","position":2,"name":"Brasil reduz em 42% perdas florestais em 2025, aponta estudo"}]},{"@type":"WebSite","@id":"https:\/\/potyguarnews.com.br\/#website","url":"https:\/\/potyguarnews.com.br\/","name":"Potyguar News","description":"A Not\u00edcia em Tempo Real","publisher":{"@id":"https:\/\/potyguarnews.com.br\/#organization"},"potentialAction":[{"@type":"SearchAction","target":{"@type":"EntryPoint","urlTemplate":"https:\/\/potyguarnews.com.br\/?s={search_term_string}"},"query-input":{"@type":"PropertyValueSpecification","valueRequired":true,"valueName":"search_term_string"}}],"inLanguage":"pt-BR"},{"@type":"Organization","@id":"https:\/\/potyguarnews.com.br\/#organization","name":"Potyguar News","url":"https:\/\/potyguarnews.com.br\/","logo":{"@type":"ImageObject","inLanguage":"pt-BR","@id":"https:\/\/potyguarnews.com.br\/#\/schema\/logo\/image\/","url":"http:\/\/potyguarnews.com.br\/wp-content\/uploads\/2022\/10\/LOGO.png","contentUrl":"http:\/\/potyguarnews.com.br\/wp-content\/uploads\/2022\/10\/LOGO.png","width":1120,"height":300,"caption":"Potyguar News"},"image":{"@id":"https:\/\/potyguarnews.com.br\/#\/schema\/logo\/image\/"},"sameAs":["https:\/\/www.facebook.com\/potyguarnews","https:\/\/x.com\/potyguar_news"]},{"@type":"Person","@id":"https:\/\/potyguarnews.com.br\/#\/schema\/person\/e57f1576e3a1dc767f333244b8c6accc","name":"Potyguar News","image":{"@type":"ImageObject","inLanguage":"pt-BR","@id":"https:\/\/i0.wp.com\/potyguarnews.com.br\/wp-content\/uploads\/2024\/09\/0010.png?fit=96%2C96&#038;ssl=1","url":"https:\/\/i0.wp.com\/potyguarnews.com.br\/wp-content\/uploads\/2024\/09\/0010.png?fit=96%2C96&#038;ssl=1","contentUrl":"https:\/\/i0.wp.com\/potyguarnews.com.br\/wp-content\/uploads\/2024\/09\/0010.png?fit=96%2C96&#038;ssl=1","caption":"Potyguar News"},"sameAs":["http:\/\/potyguarnews.com.br"],"url":"https:\/\/potyguarnews.com.br\/index.php\/author\/potyguarnews\/"}]}},"jetpack_publicize_connections":[],"jetpack_featured_media_url":"https:\/\/i0.wp.com\/potyguarnews.com.br\/wp-content\/uploads\/2026\/04\/floresta.png?fit=1920%2C1080&ssl=1","jetpack_sharing_enabled":true,"_links":{"self":[{"href":"https:\/\/potyguarnews.com.br\/index.php\/wp-json\/wp\/v2\/posts\/23524","targetHints":{"allow":["GET"]}}],"collection":[{"href":"https:\/\/potyguarnews.com.br\/index.php\/wp-json\/wp\/v2\/posts"}],"about":[{"href":"https:\/\/potyguarnews.com.br\/index.php\/wp-json\/wp\/v2\/types\/post"}],"author":[{"embeddable":true,"href":"https:\/\/potyguarnews.com.br\/index.php\/wp-json\/wp\/v2\/users\/1"}],"replies":[{"embeddable":true,"href":"https:\/\/potyguarnews.com.br\/index.php\/wp-json\/wp\/v2\/comments?post=23524"}],"version-history":[{"count":1,"href":"https:\/\/potyguarnews.com.br\/index.php\/wp-json\/wp\/v2\/posts\/23524\/revisions"}],"predecessor-version":[{"id":23528,"href":"https:\/\/potyguarnews.com.br\/index.php\/wp-json\/wp\/v2\/posts\/23524\/revisions\/23528"}],"wp:featuredmedia":[{"embeddable":true,"href":"https:\/\/potyguarnews.com.br\/index.php\/wp-json\/wp\/v2\/media\/23527"}],"wp:attachment":[{"href":"https:\/\/potyguarnews.com.br\/index.php\/wp-json\/wp\/v2\/media?parent=23524"}],"wp:term":[{"taxonomy":"category","embeddable":true,"href":"https:\/\/potyguarnews.com.br\/index.php\/wp-json\/wp\/v2\/categories?post=23524"},{"taxonomy":"post_tag","embeddable":true,"href":"https:\/\/potyguarnews.com.br\/index.php\/wp-json\/wp\/v2\/tags?post=23524"}],"curies":[{"name":"wp","href":"https:\/\/api.w.org\/{rel}","templated":true}]}}